{"id":3112,"date":"2020-09-30T18:04:52","date_gmt":"2020-10-01T00:04:52","guid":{"rendered":"https:\/\/www.cnbs.gob.hn\/educacionfinanciera\/?p=3438"},"modified":"2020-09-30T18:04:52","modified_gmt":"2020-10-01T00:04:52","slug":"estudiantes-del-instituto-espana-jesus-milla-selva-se-capacitaron-en-temas-del-programa-yo-y-mis-finanzas-3","status":"publish","type":"post","link":"https:\/\/www.cnbs.gob.hn\/educacionfinanciera\/2020\/09\/30\/estudiantes-del-instituto-espana-jesus-milla-selva-se-capacitaron-en-temas-del-programa-yo-y-mis-finanzas-3\/","title":{"rendered":"\ufeffESTUDIANTES DEL INSTITUTO ESPA\u00d1A JES\u00daS MILLA SELVA SE CAPACITARON EN TEMAS DEL PROGRAMA YO Y MIS FINANZAS"},"content":{"rendered":"\n<h1 class=\"wp-block-heading\"><br><\/h1>\n\n\n\n<p>mi\u00e9rcoles, 30 de septiembre de 2020<\/p>\n\n\n\n<div class=\"wp-block-image\"><figure class=\"aligncenter is-resized\"><a href=\"https:\/\/www.cnbs.gob.hn\/educacionfinanciera\/wp-content\/uploads\/2020\/09\/CAPACIT20JESUS20MILLA20SELVA.jpg\"><img fetchpriority=\"high\" decoding=\"async\" src=\"https:\/\/www.cnbs.gob.hn\/educacionfinanciera\/wp-content\/uploads\/2020\/09\/CAPACIT20JESUS20MILLA20SELVA-1024x768.jpg\" alt=\"\" class=\"wp-image-3439\" width=\"512\" height=\"384\"\/><\/a><\/figure><\/div>\n\n\n\n<p>\u200b<br><\/p>\n\n\n\n<p><strong>Septiembre 24 y 25 &#8211; 2020<\/strong><\/p>\n\n\n\n<p>Durante dos d\u00edas un grupo de 403 estudiantes del Instituto Espa\u00f1a Jes\u00fas Milla Selva fueron capacitados por la especialista Tania L\u00f3pez, de la Gerencia de Protecci\u00f3n al Usuario Financiero (GPUF) de la Comisi\u00f3n Nacional de Bancos y Seguros (CNBS), a trav\u00e9s del Programa \u201c<strong>Yo y mis Finanzas\u00bb.<\/strong><\/p>\n\n\n\n<p>En el marco del Trabajo Educativo Social estos alumnos de \u00faltimo a\u00f1o de Bachillerato T\u00e9cnico Profesional en Contadur\u00eda, Finanzas y Banca fortalecieron sus competencias en materia de educaci\u00f3n financiera, con los conocimientos brindados en los talleres; Mi Hogar y Mi Dinero, Ahorro y Plan Financiero, El Buen Uso del Cr\u00e9dito y Vivir Seguro.<\/p>\n\n\n\n<p>La capacitaci\u00f3n virtual benefici\u00f3 a 268 mujeres y 135 hombres, quienes aseguraron que los nuevos conocimientos adquiridos les permitir\u00e1n tomar las mejores decisiones financieras en su accionar personal y profesional. <\/p>\n","protected":false},"excerpt":{"rendered":"<p>mi\u00e9rcoles, 30 de septiembre de 2020 \u200b Septiembre 24 y 25 &#8211; 2020 Durante dos d\u00edas un grupo de 403 estudiantes del Instituto Espa\u00f1a Jes\u00fas Milla<span class=\"excerpt-hellip\"> [\u2026]<\/span><\/p>\n","protected":false},"author":7,"featured_media":3027,"comment_status":"closed","ping_status":"closed","sticky":false,"template":"","format":"standard","meta":{"footnotes":""},"categories":[34,32,1],"tags":[],"class_list":["post-3112","post","type-post","status-publish","format-standard","has-post-thumbnail","hentry","category-capacitaciones","category-ef","category-uncategorized"],"yoast_head":"<!-- This site is optimized with the Yoast SEO plugin v27.3 - https:\/\/yoast.com\/product\/yoast-seo-wordpress\/ -->\n<title>\ufeffESTUDIANTES DEL INSTITUTO ESPA\u00d1A JES\u00daS MILLA SELVA SE CAPACITARON EN TEMAS DEL PROGRAMA YO Y MIS FINANZAS - CNBS - GEIFG - Educaci\u00f3n Financiera<\/title>\n<meta name=\"robots\" content=\"index, follow, max-snippet:-1, max-image-preview:large, max-video-preview:-1\" \/>\n<link rel=\"canonical\" href=\"https:\/\/www.cnbs.gob.hn\/educacionfinanciera\/2020\/09\/30\/estudiantes-del-instituto-espana-jesus-milla-selva-se-capacitaron-en-temas-del-programa-yo-y-mis-finanzas-3\/\" \/>\n<meta property=\"og:locale\" content=\"es_ES\" \/>\n<meta property=\"og:type\" content=\"article\" \/>\n<meta property=\"og:title\" content=\"\ufeffESTUDIANTES DEL INSTITUTO ESPA\u00d1A JES\u00daS MILLA SELVA SE CAPACITARON EN TEMAS DEL PROGRAMA YO Y MIS FINANZAS - CNBS - GEIFG - Educaci\u00f3n Financiera\" \/>\n<meta property=\"og:description\" content=\"mi\u00e9rcoles, 30 de septiembre de 2020 \u200b Septiembre 24 y 25 &#8211; 2020 Durante dos d\u00edas un grupo de 403 estudiantes del Instituto Espa\u00f1a Jes\u00fas Milla [\u2026]\" \/>\n<meta property=\"og:url\" content=\"https:\/\/www.cnbs.gob.hn\/educacionfinanciera\/2020\/09\/30\/estudiantes-del-instituto-espana-jesus-milla-selva-se-capacitaron-en-temas-del-programa-yo-y-mis-finanzas-3\/\" \/>\n<meta property=\"og:site_name\" content=\"CNBS - GEIFG - Educaci\u00f3n Financiera\" \/>\n<meta property=\"article:published_time\" content=\"2020-10-01T00:04:52+00:00\" \/>\n<meta property=\"og:image\" content=\"https:\/\/www.cnbs.gob.hn\/educacionfinanciera\/wp-content\/uploads\/2020\/09\/CAPACIT20JESUS20MILLA20SELVA.jpg\" \/>\n\t<meta property=\"og:image:width\" content=\"1280\" \/>\n\t<meta property=\"og:image:height\" content=\"960\" \/>\n\t<meta property=\"og:image:type\" content=\"image\/jpeg\" \/>\n<meta name=\"author\" content=\"Aar\u00f3n A. Mej\u00eda Godoy\" \/>\n<meta name=\"twitter:card\" content=\"summary_large_image\" \/>\n<meta name=\"twitter:label1\" content=\"Escrito por\" \/>\n\t<meta name=\"twitter:data1\" content=\"Aar\u00f3n A. Mej\u00eda Godoy\" \/>\n\t<meta name=\"twitter:label2\" content=\"Tiempo de lectura\" \/>\n\t<meta name=\"twitter:data2\" content=\"1 minuto\" \/>\n<script type=\"application\/ld+json\" class=\"yoast-schema-graph\">{\"@context\":\"https:\\\/\\\/schema.org\",\"@graph\":[{\"@type\":\"Article\",\"@id\":\"https:\\\/\\\/www.cnbs.gob.hn\\\/educacionfinanciera\\\/2020\\\/09\\\/30\\\/estudiantes-del-instituto-espana-jesus-milla-selva-se-capacitaron-en-temas-del-programa-yo-y-mis-finanzas-3\\\/#article\",\"isPartOf\":{\"@id\":\"https:\\\/\\\/www.cnbs.gob.hn\\\/educacionfinanciera\\\/2020\\\/09\\\/30\\\/estudiantes-del-instituto-espana-jesus-milla-selva-se-capacitaron-en-temas-del-programa-yo-y-mis-finanzas-3\\\/\"},\"author\":{\"name\":\"Aar\u00f3n A. Mej\u00eda Godoy\",\"@id\":\"https:\\\/\\\/www.cnbs.gob.hn\\\/educacionfinanciera\\\/#\\\/schema\\\/person\\\/75e533192ab17d048de05523f994563f\"},\"headline\":\"\ufeffESTUDIANTES DEL INSTITUTO ESPA\u00d1A JES\u00daS MILLA SELVA SE CAPACITARON EN TEMAS DEL PROGRAMA YO Y MIS FINANZAS\",\"datePublished\":\"2020-10-01T00:04:52+00:00\",\"mainEntityOfPage\":{\"@id\":\"https:\\\/\\\/www.cnbs.gob.hn\\\/educacionfinanciera\\\/2020\\\/09\\\/30\\\/estudiantes-del-instituto-espana-jesus-milla-selva-se-capacitaron-en-temas-del-programa-yo-y-mis-finanzas-3\\\/\"},\"wordCount\":168,\"publisher\":{\"@id\":\"https:\\\/\\\/www.cnbs.gob.hn\\\/educacionfinanciera\\\/#organization\"},\"image\":{\"@id\":\"https:\\\/\\\/www.cnbs.gob.hn\\\/educacionfinanciera\\\/2020\\\/09\\\/30\\\/estudiantes-del-instituto-espana-jesus-milla-selva-se-capacitaron-en-temas-del-programa-yo-y-mis-finanzas-3\\\/#primaryimage\"},\"thumbnailUrl\":\"https:\\\/\\\/www.cnbs.gob.hn\\\/educacionfinanciera\\\/wp-content\\\/uploads\\\/2020\\\/09\\\/CAPACIT20JESUS20MILLA20SELVA.jpg\",\"articleSection\":[\"Capacitaciones\",\"Educaci\u00f3n Financiera\",\"Uncategorized\"],\"inLanguage\":\"es\"},{\"@type\":\"WebPage\",\"@id\":\"https:\\\/\\\/www.cnbs.gob.hn\\\/educacionfinanciera\\\/2020\\\/09\\\/30\\\/estudiantes-del-instituto-espana-jesus-milla-selva-se-capacitaron-en-temas-del-programa-yo-y-mis-finanzas-3\\\/\",\"url\":\"https:\\\/\\\/www.cnbs.gob.hn\\\/educacionfinanciera\\\/2020\\\/09\\\/30\\\/estudiantes-del-instituto-espana-jesus-milla-selva-se-capacitaron-en-temas-del-programa-yo-y-mis-finanzas-3\\\/\",\"name\":\"\ufeffESTUDIANTES DEL INSTITUTO ESPA\u00d1A JES\u00daS MILLA SELVA SE CAPACITARON EN TEMAS DEL PROGRAMA YO Y MIS FINANZAS - CNBS - GEIFG - Educaci\u00f3n Financiera\",\"isPartOf\":{\"@id\":\"https:\\\/\\\/www.cnbs.gob.hn\\\/educacionfinanciera\\\/#website\"},\"primaryImageOfPage\":{\"@id\":\"https:\\\/\\\/www.cnbs.gob.hn\\\/educacionfinanciera\\\/2020\\\/09\\\/30\\\/estudiantes-del-instituto-espana-jesus-milla-selva-se-capacitaron-en-temas-del-programa-yo-y-mis-finanzas-3\\\/#primaryimage\"},\"image\":{\"@id\":\"https:\\\/\\\/www.cnbs.gob.hn\\\/educacionfinanciera\\\/2020\\\/09\\\/30\\\/estudiantes-del-instituto-espana-jesus-milla-selva-se-capacitaron-en-temas-del-programa-yo-y-mis-finanzas-3\\\/#primaryimage\"},\"thumbnailUrl\":\"https:\\\/\\\/www.cnbs.gob.hn\\\/educacionfinanciera\\\/wp-content\\\/uploads\\\/2020\\\/09\\\/CAPACIT20JESUS20MILLA20SELVA.jpg\",\"datePublished\":\"2020-10-01T00:04:52+00:00\",\"breadcrumb\":{\"@id\":\"https:\\\/\\\/www.cnbs.gob.hn\\\/educacionfinanciera\\\/2020\\\/09\\\/30\\\/estudiantes-del-instituto-espana-jesus-milla-selva-se-capacitaron-en-temas-del-programa-yo-y-mis-finanzas-3\\\/#breadcrumb\"},\"inLanguage\":\"es\",\"potentialAction\":[{\"@type\":\"ReadAction\",\"target\":[\"https:\\\/\\\/www.cnbs.gob.hn\\\/educacionfinanciera\\\/2020\\\/09\\\/30\\\/estudiantes-del-instituto-espana-jesus-milla-selva-se-capacitaron-en-temas-del-programa-yo-y-mis-finanzas-3\\\/\"]}]},{\"@type\":\"ImageObject\",\"inLanguage\":\"es\",\"@id\":\"https:\\\/\\\/www.cnbs.gob.hn\\\/educacionfinanciera\\\/2020\\\/09\\\/30\\\/estudiantes-del-instituto-espana-jesus-milla-selva-se-capacitaron-en-temas-del-programa-yo-y-mis-finanzas-3\\\/#primaryimage\",\"url\":\"https:\\\/\\\/www.cnbs.gob.hn\\\/educacionfinanciera\\\/wp-content\\\/uploads\\\/2020\\\/09\\\/CAPACIT20JESUS20MILLA20SELVA.jpg\",\"contentUrl\":\"https:\\\/\\\/www.cnbs.gob.hn\\\/educacionfinanciera\\\/wp-content\\\/uploads\\\/2020\\\/09\\\/CAPACIT20JESUS20MILLA20SELVA.jpg\",\"width\":1280,\"height\":960},{\"@type\":\"BreadcrumbList\",\"@id\":\"https:\\\/\\\/www.cnbs.gob.hn\\\/educacionfinanciera\\\/2020\\\/09\\\/30\\\/estudiantes-del-instituto-espana-jesus-milla-selva-se-capacitaron-en-temas-del-programa-yo-y-mis-finanzas-3\\\/#breadcrumb\",\"itemListElement\":[{\"@type\":\"ListItem\",\"position\":1,\"name\":\"Home\",\"item\":\"https:\\\/\\\/www.cnbs.gob.hn\\\/educacionfinanciera\\\/\"},{\"@type\":\"ListItem\",\"position\":2,\"name\":\"\ufeffESTUDIANTES DEL INSTITUTO ESPA\u00d1A JES\u00daS MILLA SELVA SE CAPACITARON EN TEMAS DEL PROGRAMA YO Y MIS FINANZAS\"}]},{\"@type\":\"WebSite\",\"@id\":\"https:\\\/\\\/www.cnbs.gob.hn\\\/educacionfinanciera\\\/#website\",\"url\":\"https:\\\/\\\/www.cnbs.gob.hn\\\/educacionfinanciera\\\/\",\"name\":\"CNBS - GEIFG - Educaci\u00f3n Financiera\",\"description\":\"\",\"publisher\":{\"@id\":\"https:\\\/\\\/www.cnbs.gob.hn\\\/educacionfinanciera\\\/#organization\"},\"potentialAction\":[{\"@type\":\"SearchAction\",\"target\":{\"@type\":\"EntryPoint\",\"urlTemplate\":\"https:\\\/\\\/www.cnbs.gob.hn\\\/educacionfinanciera\\\/?s={search_term_string}\"},\"query-input\":{\"@type\":\"PropertyValueSpecification\",\"valueRequired\":true,\"valueName\":\"search_term_string\"}}],\"inLanguage\":\"es\"},{\"@type\":\"Organization\",\"@id\":\"https:\\\/\\\/www.cnbs.gob.hn\\\/educacionfinanciera\\\/#organization\",\"name\":\"CNBS - GEIFG - Educaci\u00f3n Financiera\",\"url\":\"https:\\\/\\\/www.cnbs.gob.hn\\\/educacionfinanciera\\\/\",\"logo\":{\"@type\":\"ImageObject\",\"inLanguage\":\"es\",\"@id\":\"https:\\\/\\\/www.cnbs.gob.hn\\\/educacionfinanciera\\\/#\\\/schema\\\/logo\\\/image\\\/\",\"url\":\"https:\\\/\\\/www.cnbs.gob.hn\\\/educacionfinanciera\\\/wp-content\\\/uploads\\\/2020\\\/11\\\/Logo-CNBS-SOLO.png\",\"contentUrl\":\"https:\\\/\\\/www.cnbs.gob.hn\\\/educacionfinanciera\\\/wp-content\\\/uploads\\\/2020\\\/11\\\/Logo-CNBS-SOLO.png\",\"width\":2250,\"height\":2250,\"caption\":\"CNBS - GEIFG - Educaci\u00f3n Financiera\"},\"image\":{\"@id\":\"https:\\\/\\\/www.cnbs.gob.hn\\\/educacionfinanciera\\\/#\\\/schema\\\/logo\\\/image\\\/\"}},{\"@type\":\"Person\",\"@id\":\"https:\\\/\\\/www.cnbs.gob.hn\\\/educacionfinanciera\\\/#\\\/schema\\\/person\\\/75e533192ab17d048de05523f994563f\",\"name\":\"Aar\u00f3n A. Mej\u00eda Godoy\",\"image\":{\"@type\":\"ImageObject\",\"inLanguage\":\"es\",\"@id\":\"https:\\\/\\\/secure.gravatar.com\\\/avatar\\\/a5cb9148ccd44e9e7eb4698d056108d6432171016bc9c40c26f460d09f441c6e?s=96&d=mm&r=g\",\"url\":\"https:\\\/\\\/secure.gravatar.com\\\/avatar\\\/a5cb9148ccd44e9e7eb4698d056108d6432171016bc9c40c26f460d09f441c6e?s=96&d=mm&r=g\",\"contentUrl\":\"https:\\\/\\\/secure.gravatar.com\\\/avatar\\\/a5cb9148ccd44e9e7eb4698d056108d6432171016bc9c40c26f460d09f441c6e?s=96&d=mm&r=g\",\"caption\":\"Aar\u00f3n A. Mej\u00eda Godoy\"}}]}<\/script>\n<!-- \/ Yoast SEO plugin. -->","yoast_head_json":{"title":"\ufeffESTUDIANTES DEL INSTITUTO ESPA\u00d1A JES\u00daS MILLA SELVA SE CAPACITARON EN TEMAS DEL PROGRAMA YO Y MIS FINANZAS - CNBS - GEIFG - Educaci\u00f3n Financiera","robots":{"index":"index","follow":"follow","max-snippet":"max-snippet:-1","max-image-preview":"max-image-preview:large","max-video-preview":"max-video-preview:-1"},"canonical":"https:\/\/www.cnbs.gob.hn\/educacionfinanciera\/2020\/09\/30\/estudiantes-del-instituto-espana-jesus-milla-selva-se-capacitaron-en-temas-del-programa-yo-y-mis-finanzas-3\/","og_locale":"es_ES","og_type":"article","og_title":"\ufeffESTUDIANTES DEL INSTITUTO ESPA\u00d1A JES\u00daS MILLA SELVA SE CAPACITARON EN TEMAS DEL PROGRAMA YO Y MIS FINANZAS - CNBS - GEIFG - Educaci\u00f3n Financiera","og_description":"mi\u00e9rcoles, 30 de septiembre de 2020 \u200b Septiembre 24 y 25 &#8211; 2020 Durante dos d\u00edas un grupo de 403 estudiantes del Instituto Espa\u00f1a Jes\u00fas Milla [\u2026]","og_url":"https:\/\/www.cnbs.gob.hn\/educacionfinanciera\/2020\/09\/30\/estudiantes-del-instituto-espana-jesus-milla-selva-se-capacitaron-en-temas-del-programa-yo-y-mis-finanzas-3\/","og_site_name":"CNBS - GEIFG - Educaci\u00f3n Financiera","article_published_time":"2020-10-01T00:04:52+00:00","og_image":[{"width":1280,"height":960,"url":"https:\/\/www.cnbs.gob.hn\/educacionfinanciera\/wp-content\/uploads\/2020\/09\/CAPACIT20JESUS20MILLA20SELVA.jpg","type":"image\/jpeg"}],"author":"Aar\u00f3n A. Mej\u00eda Godoy","twitter_card":"summary_large_image","twitter_misc":{"Escrito por":"Aar\u00f3n A. Mej\u00eda Godoy","Tiempo de lectura":"1 minuto"},"schema":{"@context":"https:\/\/schema.org","@graph":[{"@type":"Article","@id":"https:\/\/www.cnbs.gob.hn\/educacionfinanciera\/2020\/09\/30\/estudiantes-del-instituto-espana-jesus-milla-selva-se-capacitaron-en-temas-del-programa-yo-y-mis-finanzas-3\/#article","isPartOf":{"@id":"https:\/\/www.cnbs.gob.hn\/educacionfinanciera\/2020\/09\/30\/estudiantes-del-instituto-espana-jesus-milla-selva-se-capacitaron-en-temas-del-programa-yo-y-mis-finanzas-3\/"},"author":{"name":"Aar\u00f3n A. Mej\u00eda Godoy","@id":"https:\/\/www.cnbs.gob.hn\/educacionfinanciera\/#\/schema\/person\/75e533192ab17d048de05523f994563f"},"headline":"\ufeffESTUDIANTES DEL INSTITUTO ESPA\u00d1A JES\u00daS MILLA SELVA SE CAPACITARON EN TEMAS DEL PROGRAMA YO Y MIS FINANZAS","datePublished":"2020-10-01T00:04:52+00:00","mainEntityOfPage":{"@id":"https:\/\/www.cnbs.gob.hn\/educacionfinanciera\/2020\/09\/30\/estudiantes-del-instituto-espana-jesus-milla-selva-se-capacitaron-en-temas-del-programa-yo-y-mis-finanzas-3\/"},"wordCount":168,"publisher":{"@id":"https:\/\/www.cnbs.gob.hn\/educacionfinanciera\/#organization"},"image":{"@id":"https:\/\/www.cnbs.gob.hn\/educacionfinanciera\/2020\/09\/30\/estudiantes-del-instituto-espana-jesus-milla-selva-se-capacitaron-en-temas-del-programa-yo-y-mis-finanzas-3\/#primaryimage"},"thumbnailUrl":"https:\/\/www.cnbs.gob.hn\/educacionfinanciera\/wp-content\/uploads\/2020\/09\/CAPACIT20JESUS20MILLA20SELVA.jpg","articleSection":["Capacitaciones","Educaci\u00f3n Financiera","Uncategorized"],"inLanguage":"es"},{"@type":"WebPage","@id":"https:\/\/www.cnbs.gob.hn\/educacionfinanciera\/2020\/09\/30\/estudiantes-del-instituto-espana-jesus-milla-selva-se-capacitaron-en-temas-del-programa-yo-y-mis-finanzas-3\/","url":"https:\/\/www.cnbs.gob.hn\/educacionfinanciera\/2020\/09\/30\/estudiantes-del-instituto-espana-jesus-milla-selva-se-capacitaron-en-temas-del-programa-yo-y-mis-finanzas-3\/","name":"\ufeffESTUDIANTES DEL INSTITUTO ESPA\u00d1A JES\u00daS MILLA SELVA SE CAPACITARON EN TEMAS DEL PROGRAMA YO Y MIS FINANZAS - CNBS - GEIFG - Educaci\u00f3n Financiera","isPartOf":{"@id":"https:\/\/www.cnbs.gob.hn\/educacionfinanciera\/#website"},"primaryImageOfPage":{"@id":"https:\/\/www.cnbs.gob.hn\/educacionfinanciera\/2020\/09\/30\/estudiantes-del-instituto-espana-jesus-milla-selva-se-capacitaron-en-temas-del-programa-yo-y-mis-finanzas-3\/#primaryimage"},"image":{"@id":"https:\/\/www.cnbs.gob.hn\/educacionfinanciera\/2020\/09\/30\/estudiantes-del-instituto-espana-jesus-milla-selva-se-capacitaron-en-temas-del-programa-yo-y-mis-finanzas-3\/#primaryimage"},"thumbnailUrl":"https:\/\/www.cnbs.gob.hn\/educacionfinanciera\/wp-content\/uploads\/2020\/09\/CAPACIT20JESUS20MILLA20SELVA.jpg","datePublished":"2020-10-01T00:04:52+00:00","breadcrumb":{"@id":"https:\/\/www.cnbs.gob.hn\/educacionfinanciera\/2020\/09\/30\/estudiantes-del-instituto-espana-jesus-milla-selva-se-capacitaron-en-temas-del-programa-yo-y-mis-finanzas-3\/#breadcrumb"},"inLanguage":"es","potentialAction":[{"@type":"ReadAction","target":["https:\/\/www.cnbs.gob.hn\/educacionfinanciera\/2020\/09\/30\/estudiantes-del-instituto-espana-jesus-milla-selva-se-capacitaron-en-temas-del-programa-yo-y-mis-finanzas-3\/"]}]},{"@type":"ImageObject","inLanguage":"es","@id":"https:\/\/www.cnbs.gob.hn\/educacionfinanciera\/2020\/09\/30\/estudiantes-del-instituto-espana-jesus-milla-selva-se-capacitaron-en-temas-del-programa-yo-y-mis-finanzas-3\/#primaryimage","url":"https:\/\/www.cnbs.gob.hn\/educacionfinanciera\/wp-content\/uploads\/2020\/09\/CAPACIT20JESUS20MILLA20SELVA.jpg","contentUrl":"https:\/\/www.cnbs.gob.hn\/educacionfinanciera\/wp-content\/uploads\/2020\/09\/CAPACIT20JESUS20MILLA20SELVA.jpg","width":1280,"height":960},{"@type":"BreadcrumbList","@id":"https:\/\/www.cnbs.gob.hn\/educacionfinanciera\/2020\/09\/30\/estudiantes-del-instituto-espana-jesus-milla-selva-se-capacitaron-en-temas-del-programa-yo-y-mis-finanzas-3\/#breadcrumb","itemListElement":[{"@type":"ListItem","position":1,"name":"Home","item":"https:\/\/www.cnbs.gob.hn\/educacionfinanciera\/"},{"@type":"ListItem","position":2,"name":"\ufeffESTUDIANTES DEL INSTITUTO ESPA\u00d1A JES\u00daS MILLA SELVA SE CAPACITARON EN TEMAS DEL PROGRAMA YO Y MIS FINANZAS"}]},{"@type":"WebSite","@id":"https:\/\/www.cnbs.gob.hn\/educacionfinanciera\/#website","url":"https:\/\/www.cnbs.gob.hn\/educacionfinanciera\/","name":"CNBS - GEIFG - Educaci\u00f3n Financiera","description":"","publisher":{"@id":"https:\/\/www.cnbs.gob.hn\/educacionfinanciera\/#organization"},"potentialAction":[{"@type":"SearchAction","target":{"@type":"EntryPoint","urlTemplate":"https:\/\/www.cnbs.gob.hn\/educacionfinanciera\/?s={search_term_string}"},"query-input":{"@type":"PropertyValueSpecification","valueRequired":true,"valueName":"search_term_string"}}],"inLanguage":"es"},{"@type":"Organization","@id":"https:\/\/www.cnbs.gob.hn\/educacionfinanciera\/#organization","name":"CNBS - GEIFG - Educaci\u00f3n Financiera","url":"https:\/\/www.cnbs.gob.hn\/educacionfinanciera\/","logo":{"@type":"ImageObject","inLanguage":"es","@id":"https:\/\/www.cnbs.gob.hn\/educacionfinanciera\/#\/schema\/logo\/image\/","url":"https:\/\/www.cnbs.gob.hn\/educacionfinanciera\/wp-content\/uploads\/2020\/11\/Logo-CNBS-SOLO.png","contentUrl":"https:\/\/www.cnbs.gob.hn\/educacionfinanciera\/wp-content\/uploads\/2020\/11\/Logo-CNBS-SOLO.png","width":2250,"height":2250,"caption":"CNBS - GEIFG - Educaci\u00f3n Financiera"},"image":{"@id":"https:\/\/www.cnbs.gob.hn\/educacionfinanciera\/#\/schema\/logo\/image\/"}},{"@type":"Person","@id":"https:\/\/www.cnbs.gob.hn\/educacionfinanciera\/#\/schema\/person\/75e533192ab17d048de05523f994563f","name":"Aar\u00f3n A. Mej\u00eda Godoy","image":{"@type":"ImageObject","inLanguage":"es","@id":"https:\/\/secure.gravatar.com\/avatar\/a5cb9148ccd44e9e7eb4698d056108d6432171016bc9c40c26f460d09f441c6e?s=96&d=mm&r=g","url":"https:\/\/secure.gravatar.com\/avatar\/a5cb9148ccd44e9e7eb4698d056108d6432171016bc9c40c26f460d09f441c6e?s=96&d=mm&r=g","contentUrl":"https:\/\/secure.gravatar.com\/avatar\/a5cb9148ccd44e9e7eb4698d056108d6432171016bc9c40c26f460d09f441c6e?s=96&d=mm&r=g","caption":"Aar\u00f3n A. Mej\u00eda Godoy"}}]}},"_links":{"self":[{"href":"https:\/\/www.cnbs.gob.hn\/educacionfinanciera\/wp-json\/wp\/v2\/posts\/3112","targetHints":{"allow":["GET"]}}],"collection":[{"href":"https:\/\/www.cnbs.gob.hn\/educacionfinanciera\/wp-json\/wp\/v2\/posts"}],"about":[{"href":"https:\/\/www.cnbs.gob.hn\/educacionfinanciera\/wp-json\/wp\/v2\/types\/post"}],"author":[{"embeddable":true,"href":"https:\/\/www.cnbs.gob.hn\/educacionfinanciera\/wp-json\/wp\/v2\/users\/7"}],"replies":[{"embeddable":true,"href":"https:\/\/www.cnbs.gob.hn\/educacionfinanciera\/wp-json\/wp\/v2\/comments?post=3112"}],"version-history":[{"count":0,"href":"https:\/\/www.cnbs.gob.hn\/educacionfinanciera\/wp-json\/wp\/v2\/posts\/3112\/revisions"}],"wp:featuredmedia":[{"embeddable":true,"href":"https:\/\/www.cnbs.gob.hn\/educacionfinanciera\/wp-json\/wp\/v2\/media\/3027"}],"wp:attachment":[{"href":"https:\/\/www.cnbs.gob.hn\/educacionfinanciera\/wp-json\/wp\/v2\/media?parent=3112"}],"wp:term":[{"taxonomy":"category","embeddable":true,"href":"https:\/\/www.cnbs.gob.hn\/educacionfinanciera\/wp-json\/wp\/v2\/categories?post=3112"},{"taxonomy":"post_tag","embeddable":true,"href":"https:\/\/www.cnbs.gob.hn\/educacionfinanciera\/wp-json\/wp\/v2\/tags?post=3112"}],"curies":[{"name":"wp","href":"https:\/\/api.w.org\/{rel}","templated":true}]}}